{"id":13436,"date":"2024-06-11T08:44:38","date_gmt":"2024-06-11T06:44:38","guid":{"rendered":"https:\/\/hydrogencouncil.com\/?p=13436"},"modified":"2024-06-11T10:29:49","modified_gmt":"2024-06-11T08:29:49","slug":"ceos-and-policy-leaders-ready-to-accelerate-action-on-hydrogen-deployment-by-2030","status":"publish","type":"post","link":"https:\/\/hydrogencouncil.com\/de\/ceos-and-policy-leaders-ready-to-accelerate-action-on-hydrogen-deployment-by-2030\/","title":{"rendered":"CEOs und politische Entscheidungstr\u00e4ger wollen bis 2030 den Einsatz von Wasserstoff beschleunigen"},"content":{"rendered":"<div data-elementor-type=\"wp-post\" data-elementor-id=\"13436\" class=\"elementor elementor-13436\" data-elementor-post-type=\"post\">\n\t\t\t\t\t\t<section class=\"elementor-section elementor-top-section elementor-element elementor-element-4dae290b elementor-section-boxed elementor-section-height-default elementor-section-height-default\" data-id=\"4dae290b\" data-element_type=\"section\" data-e-type=\"section\">\n\t\t\t\t\t\t<div class=\"elementor-container elementor-column-gap-default\">\n\t\t\t\t\t<div class=\"elementor-column elementor-col-100 elementor-top-column elementor-element elementor-element-26ca12e4\" data-id=\"26ca12e4\" data-element_type=\"column\" data-e-type=\"column\">\n\t\t\t<div class=\"elementor-widget-wrap elementor-element-populated\">\n\t\t\t\t\t\t<div class=\"elementor-element elementor-element-30abaa43 elementor-widget elementor-widget-text-editor\" data-id=\"30abaa43\" data-element_type=\"widget\" data-e-type=\"widget\" data-widget_type=\"text-editor.default\">\n\t\t\t\t<div class=\"elementor-widget-container\">\n\t\t\t\t\t\t\t\t\t\n<p><strong>BERLIN, 11. Juni 2024<\/strong><em>\u00a0\u2013 <\/em>In einem wichtigen Schritt zur Beschleunigung \u00f6ffentlich-privater Ma\u00dfnahmen im Bereich Wasserstoff trafen sich heute der deutsche Bundesminister f\u00fcr Wirtschaft und Klimaschutz, Robert Habeck, und der Exekutiv-Vizepr\u00e4sident der Europ\u00e4ischen Kommission f\u00fcr den europ\u00e4ischen Green Deal, Maro\u0161 \u0160ef\u010dovi\u010d, mit einer internationalen Delegation von <a href=\"https:\/\/hydrogencouncil.com\/de\/\">Wasserstoffrat<\/a> F\u00fchrungskr\u00e4fte.<\/p>\n<p>Die F\u00fchrungskr\u00e4fte zogen eine Bilanz der anhaltenden Fortschritte des Sektors trotz makro\u00f6konomischer Gegenwinde, wobei das im Wasserstoffsektor investierte Kapital in der gesamten weltweiten Wertsch\u00f6pfungskette im Vergleich zum Vorjahr um 901 TP3T gestiegen ist. Gleichzeitig waren sich die F\u00fchrungskr\u00e4fte einig, dass entschlossenes, abgestimmtes Handeln von Regierungen und Industrie erforderlich ist, um die n\u00e4chste Phase der erfolgreichen Wasserstoffeinf\u00fchrung zu unterst\u00fctzen. In Europa geh\u00f6ren die vollst\u00e4ndige Umsetzung der unterst\u00fctzenden Ma\u00dfnahmen auf der Nachfrage- und Midstream-Seite sowie die Bew\u00e4ltigung der rechtlichen Komplexit\u00e4t zu den obersten Priorit\u00e4ten, um mehr Projekte bis zur Phase der endg\u00fcltigen Investitionsentscheidung (FID) zu bringen.<\/p>\n<p><strong>Bundesminister f\u00fcr Wirtschaft und Klimaschutz Robert Habeck <\/strong>sagte: \u201eWir bekennen uns zu den Klimazielen von Paris und sind davon \u00fcberzeugt, dass Wasserstoff und seine Derivate eine bedeutende Rolle bei der Dekarbonisierung unserer Industrie-, Verkehrs- und Energiesektoren spielen werden. Deutschland geht mit Entschlossenheit und konkreten Ma\u00dfnahmen voran. Ich freue mich, dass sich der Wasserstoffmarkt dank starker Impulse mehrerer Regierungen weltweit und eines sich herausbildenden Regulierungsrahmens deutlich bewegt hat. Um unsere Ziele zu erreichen, m\u00fcssen wir zusammenarbeiten, und internationale Zusammenarbeit ist der Schl\u00fcssel. Dies wird uns nicht nur helfen, die Wettbewerbsf\u00e4higkeit nachhaltiger und wirtschaftlicher Wasserstoffl\u00f6sungen zu steigern, sondern auch die globale Energiesicherheit erh\u00f6hen.\u201c<\/p>\n<p><strong>Exekutiv-Vizepr\u00e4sident der Europ\u00e4ischen Kommission f\u00fcr den europ\u00e4ischen Gr\u00fcnen Deal, interinstitutionelle Beziehungen und Vorausschau, Maro\u0161 \u0160ef\u010dovi\u010d<\/strong> sagte: \u201eEuropa ist heute die erste Region mit einem umfassenden Regulierungsrahmen, der das Wachstum des Wasserstoff-\u00d6kosystems f\u00f6rdern und Rechtssicherheit und Vorhersehbarkeit bieten soll, eine Schl\u00fcsselkomponente, um die notwendigen Investitionen anzuziehen. Aber wir h\u00f6ren hier nicht auf \u2013 wir m\u00fcssen jetzt das volle Potenzial von Wasserstoff in Europa aussch\u00f6pfen. Unser Innovationsfonds unterst\u00fctzt bereits 35 Wasserstoffprojekte mit einem Volumen von 2,3 Milliarden Euro. Und nach einem erfolgreichen Pilotprojekt wird es in diesem Herbst die zweite Auktion f\u00fcr die Wasserstoffproduktion im Rahmen der Europ\u00e4ischen Wasserstoffbank geben, um unsere inl\u00e4ndischen Produktionskapazit\u00e4ten zu steigern. Und bald werden wir einen Match-Making-Mechanismus einf\u00fchren, um noch mehr Agilit\u00e4t zu erreichen. Wir m\u00fcssen uns weiterhin voll darauf konzentrieren, den Ausbau des Wasserstoffsektors \u00fcber die gesamte Wertsch\u00f6pfungskette hinweg zu beschleunigen und gleichzeitig die allgemeine Wettbewerbsf\u00e4higkeit der europ\u00e4ischen Industrie zu erhalten. Ich begr\u00fc\u00dfe, dass Deutschland in dieser Richtung ehrgeizige Schritte unternommen hat\u201c,<\/p>\n<p>Vor dem Hintergrund der Europa- und Weltwahlen forderten Branchenvertreter mehr regulatorische Klarheit und Sicherheit auf der Nachfrageseite und bei Midstream-Anreizen, einen optimierten Zugang zu Finanzierungen und die Kombination von Finanzierungsinstrumenten, einen technologieintegrativen Ansatz, der den Wert von Wasserstoff zur Reduzierung von Treibhausgasemissionen anerkennt, gleiche Wettbewerbsbedingungen f\u00fcr lokal produzierten und importierten Wasserstoff und seine Derivate sowie die Unterst\u00fctzung von Industrie- und Mobilit\u00e4tsanwendungen zur Beschleunigung des Wasserstoffmarktes.<\/p>\n<p><strong>Sanjiv Lamba, Co-Vorsitzender des Hydrogen Council und CEO von Linde, kommentierte:<\/strong> \u201eWir freuen uns, dass Deutschland und die EU-Kommission in dieser kritischen Zeit ihre politische Unterst\u00fctzung f\u00fcr Wasserstoff verst\u00e4rken. Ihr Engagement sendet ein starkes Signal an Regierungen und Industrie auf der ganzen Welt. Wasserstoff ist \u00fcber Visionen und Ank\u00fcndigungen hinausgegangen \u2013 er ist jetzt Teil der Realit\u00e4t der Energiewende, da die Industrie erfolgreich Projekte umsetzt und Ergebnisse in Richtung Netto-Null liefert.\u201c<\/p>\n<p><strong>Yoshinori Kanehana, Co-Vorsitzender des Hydrogen Council, Vorstandsvorsitzender, Kawasaki Heavy Industries, Ltd., <\/strong>f\u00fcgte hinzu: \u201eJetzt ist es an der Zeit zu handeln. Eine starke, nachhaltige staatliche Unterst\u00fctzung ist der Schl\u00fcssel, um den Wasserstoffausbau in den Schl\u00fcsselm\u00e4rkten fortzusetzen und weiter zu beschleunigen. Wir bleiben unseren gemeinsamen Zielen voll und ganz verpflichtet und freuen uns darauf, mit unseren Regierungs- und Investorenpartnern zusammenzuarbeiten, um die Investitionen in Deutschland, in Europa und weltweit zu beschleunigen.\u201c<\/p>\n<p><\/p>\n<p><\/p>\n\t\t\t\t\t\t\t\t<\/div>\n\t\t\t\t<\/div>\n\t\t\t\t<div class=\"elementor-element elementor-element-0702562 elementor-widget-divider--view-line elementor-widget elementor-widget-divider\" data-id=\"0702562\" data-element_type=\"widget\" data-e-type=\"widget\" data-widget_type=\"divider.default\">\n\t\t\t\t<div class=\"elementor-widget-container\">\n\t\t\t\t\t\t\t<div class=\"elementor-divider\">\n\t\t\t<span class=\"elementor-divider-separator\">\n\t\t\t\t\t\t<\/span>\n\t\t<\/div>\n\t\t\t\t\t\t<\/div>\n\t\t\t\t<\/div>\n\t\t\t\t<div class=\"elementor-element elementor-element-93c0577 elementor-widget elementor-widget-text-editor\" data-id=\"93c0577\" data-element_type=\"widget\" data-e-type=\"widget\" data-widget_type=\"text-editor.default\">\n\t\t\t\t<div class=\"elementor-widget-container\">\n\t\t\t\t\t\t\t\t\t\n<p><strong>\u00dcber den Hydrogen Council<\/strong><\/p>\n<p>Der Hydrogen Council ist eine globale, von CEOs geleitete Initiative mit einer gemeinsamen Vision und dem langfristigen Ziel, den \u00dcbergang zu sauberer Energie durch Wasserstoff zu beschleunigen. Er vereint eine vielf\u00e4ltige Gruppe von 140 Unternehmen aus 20 L\u00e4ndern in Amerika, Europa, Afrika, dem Nahen Osten und dem asiatisch-pazifischen Raum. Die Mitglieder des Councils decken die gesamte Wertsch\u00f6pfungskette ab und umfassen gro\u00dfe multinationale Konzerne, innovative Start-ups sowie Investoren. Die Mitglieder repr\u00e4sentieren eine Marktkapitalisierung von rund $9 Billionen, 6,8 Millionen Vollzeitkr\u00e4fte und einen Umsatz von rund $6,4 Billionen.<\/p>\n<p>Der Rat hat sich zum Ziel gesetzt, das Nachhaltigkeitspotenzial von sauberem Wasserstoff auszusch\u00f6pfen, gesch\u00e4ftliche und technologische Innovationen als Treiber f\u00fcr nachhaltiges Wachstum zu f\u00f6rdern, hochwertige Arbeitspl\u00e4tze zu schaffen und sozialen Mehrwert zu schaffen. Der Rat nutzt seine globale Reichweite, um die Zusammenarbeit zwischen Industrie, Regierungen, Investoren und der Zivilgesellschaft zu f\u00f6rdern. Er bietet Einblicke und Wege zur Beschleunigung des Einsatzes von Wasserstoff-\u00d6kosystemen auf der ganzen Welt. Dar\u00fcber hinaus unterst\u00fctzt er die Entwicklung internationaler Sicherheits- und Nachhaltigkeitsstandards und ebnet so den Weg f\u00fcr den Einsatz zuverl\u00e4ssiger Wasserstoffl\u00f6sungen in gro\u00dfem Ma\u00dfstab.<\/p>\n<p>Um mehr zu erfahren, besuchen Sie<a href=\"https:\/\/hydrogencouncil.com\/de\/\" target=\"_blank\" rel=\"noreferrer noopener\">www.hydrogencouncil.com<\/a>und folgen Sie uns auf Twitter<a href=\"https:\/\/twitter.com\/HydrogenCouncil\" target=\"_blank\" rel=\"noreferrer noopener\">@HydrogenCouncil<\/a>und<a href=\"https:\/\/www.linkedin.com\/company\/hydrogencouncil\/\" target=\"_blank\" rel=\"noreferrer noopener\">LinkedIn<\/a>.\u00a0<\/p>\n<p><strong>Medienanfragen<\/strong><\/p>\n<p>Joanna Damerell, Kommunikationsmanagerin, Hydrogen Council<\/p>\n<p><a href=\"mailto:joanna.damerell@hydrogencouncil.com\">joanna.damerell@hydrogencouncil.com<\/a><\/p>\n<p><\/p>\n<p><\/p>\n\t\t\t\t\t\t\t\t<\/div>\n\t\t\t\t<\/div>\n\t\t\t\t\t<\/div>\n\t\t<\/div>\n\t\t\t\t\t<\/div>\n\t\t<\/section>\n\t\t\t\t<\/div>","protected":false},"excerpt":{"rendered":"<p>In einem wichtigen Schritt zur Beschleunigung \u00f6ffentlich-privater Ma\u00dfnahmen im Bereich Wasserstoff trafen sich heute der deutsche Bundeswirtschafts- und Klimaminister Robert Habeck und der Exekutiv-Vizepr\u00e4sident der Europ\u00e4ischen Kommission f\u00fcr den europ\u00e4ischen Green Deal, Maro\u0161 \u0160ef\u010dovi\u010d, mit einer internationalen Delegation von F\u00fchrungskr\u00e4ften des Hydrogen Council. <\/p>","protected":false},"author":5,"featured_media":13450,"comment_status":"closed","ping_status":"closed","sticky":false,"template":"","format":"standard","meta":{"_acf_changed":false,"footnotes":""},"categories":[141,76],"tags":[163],"class_list":["post-13436","post","type-post","status-publish","format-standard","has-post-thumbnail","hentry","category-media-release","category-newsroom","tag-media-release"],"acf":[],"yoast_head":"<!-- This site is optimized with the Yoast SEO plugin v27.1.1 - https:\/\/yoast.com\/product\/yoast-seo-wordpress\/ -->\n<title>CEOs and policy leaders ready to accelerate action on hydrogen deployment by 2030 | Hydrogen Council<\/title>\n<meta name=\"description\" content=\"In a significant step towards accelerating public-private action on hydrogen, Germany\u2019s Federal Minister for Economic Affairs and Climate Action, Robert Habeck, and the European Commission Executive Vice-President for the European Green Deal, Maro\u0161 \u0160ef\u010dovi\u010d, today met with a global delegation of Hydrogen Council executives.\" \/>\n<meta name=\"robots\" content=\"index, follow, max-snippet:-1, max-image-preview:large, max-video-preview:-1\" \/>\n<link rel=\"canonical\" href=\"https:\/\/hydrogencouncil.com\/de\/ceos-and-policy-leaders-ready-to-accelerate-action-on-hydrogen-deployment-by-2030\/\" \/>\n<meta property=\"og:locale\" content=\"de_DE\" \/>\n<meta property=\"og:type\" content=\"article\" \/>\n<meta property=\"og:title\" content=\"CEOs and policy leaders ready to accelerate action on hydrogen deployment by 2030 | Hydrogen Council\" \/>\n<meta property=\"og:description\" content=\"In a significant step towards accelerating public-private action on hydrogen, Germany\u2019s Federal Minister for Economic Affairs and Climate Action, Robert Habeck, and the European Commission Executive Vice-President for the European Green Deal, Maro\u0161 \u0160ef\u010dovi\u010d, today met with a global delegation of Hydrogen Council executives.\" \/>\n<meta property=\"og:url\" content=\"https:\/\/hydrogencouncil.com\/de\/ceos-and-policy-leaders-ready-to-accelerate-action-on-hydrogen-deployment-by-2030\/\" \/>\n<meta property=\"og:site_name\" content=\"Hydrogen Council\" \/>\n<meta property=\"article:published_time\" content=\"2024-06-11T06:44:38+00:00\" \/>\n<meta property=\"article:modified_time\" content=\"2024-06-11T08:29:49+00:00\" \/>\n<meta property=\"og:image\" content=\"https:\/\/hydrogencouncil.com\/wp-content\/uploads\/2024\/06\/Screenshot-2024-06-11-at-10.28.27-1024x571.png\" \/>\n\t<meta property=\"og:image:width\" content=\"1024\" \/>\n\t<meta property=\"og:image:height\" content=\"571\" \/>\n\t<meta property=\"og:image:type\" content=\"image\/png\" \/>\n<meta name=\"author\" content=\"Joanna Sampson\" \/>\n<meta name=\"twitter:card\" content=\"summary_large_image\" \/>\n<meta name=\"twitter:label1\" content=\"Verfasst von\" \/>\n\t<meta name=\"twitter:data1\" content=\"Joanna Sampson\" \/>\n\t<meta name=\"twitter:label2\" content=\"Gesch\u00e4tzte Lesezeit\" \/>\n\t<meta name=\"twitter:data2\" content=\"4\u00a0Minuten\" \/>\n<script type=\"application\/ld+json\" class=\"yoast-schema-graph\">{\"@context\":\"https:\/\/schema.org\",\"@graph\":[{\"@type\":\"Article\",\"@id\":\"https:\/\/hydrogencouncil.com\/ceos-and-policy-leaders-ready-to-accelerate-action-on-hydrogen-deployment-by-2030\/#article\",\"isPartOf\":{\"@id\":\"https:\/\/hydrogencouncil.com\/ceos-and-policy-leaders-ready-to-accelerate-action-on-hydrogen-deployment-by-2030\/\"},\"author\":{\"name\":\"Joanna Sampson\",\"@id\":\"https:\/\/hydrogencouncil.com\/#\/schema\/person\/3f87210db7c9c49b2a48493e0c9fc9db\"},\"headline\":\"CEOs and policy leaders ready to accelerate action on hydrogen deployment by 2030\",\"datePublished\":\"2024-06-11T06:44:38+00:00\",\"dateModified\":\"2024-06-11T08:29:49+00:00\",\"mainEntityOfPage\":{\"@id\":\"https:\/\/hydrogencouncil.com\/ceos-and-policy-leaders-ready-to-accelerate-action-on-hydrogen-deployment-by-2030\/\"},\"wordCount\":806,\"publisher\":{\"@id\":\"https:\/\/hydrogencouncil.com\/#organization\"},\"image\":{\"@id\":\"https:\/\/hydrogencouncil.com\/ceos-and-policy-leaders-ready-to-accelerate-action-on-hydrogen-deployment-by-2030\/#primaryimage\"},\"thumbnailUrl\":\"https:\/\/hydrogencouncil.com\/wp-content\/uploads\/2024\/06\/Screenshot-2024-06-11-at-10.28.27.png\",\"keywords\":[\"Media Release\"],\"articleSection\":[\"Media Release\",\"Newsroom\"],\"inLanguage\":\"de\"},{\"@type\":\"WebPage\",\"@id\":\"https:\/\/hydrogencouncil.com\/ceos-and-policy-leaders-ready-to-accelerate-action-on-hydrogen-deployment-by-2030\/\",\"url\":\"https:\/\/hydrogencouncil.com\/ceos-and-policy-leaders-ready-to-accelerate-action-on-hydrogen-deployment-by-2030\/\",\"name\":\"CEOs and policy leaders ready to accelerate action on hydrogen deployment by 2030 | Hydrogen Council\",\"isPartOf\":{\"@id\":\"https:\/\/hydrogencouncil.com\/#website\"},\"primaryImageOfPage\":{\"@id\":\"https:\/\/hydrogencouncil.com\/ceos-and-policy-leaders-ready-to-accelerate-action-on-hydrogen-deployment-by-2030\/#primaryimage\"},\"image\":{\"@id\":\"https:\/\/hydrogencouncil.com\/ceos-and-policy-leaders-ready-to-accelerate-action-on-hydrogen-deployment-by-2030\/#primaryimage\"},\"thumbnailUrl\":\"https:\/\/hydrogencouncil.com\/wp-content\/uploads\/2024\/06\/Screenshot-2024-06-11-at-10.28.27.png\",\"datePublished\":\"2024-06-11T06:44:38+00:00\",\"dateModified\":\"2024-06-11T08:29:49+00:00\",\"description\":\"In a significant step towards accelerating public-private action on hydrogen, Germany\u2019s Federal Minister for Economic Affairs and Climate Action, Robert Habeck, and the European Commission Executive Vice-President for the European Green Deal, Maro\u0161 \u0160ef\u010dovi\u010d, today met with a global delegation of Hydrogen Council executives.\",\"breadcrumb\":{\"@id\":\"https:\/\/hydrogencouncil.com\/ceos-and-policy-leaders-ready-to-accelerate-action-on-hydrogen-deployment-by-2030\/#breadcrumb\"},\"inLanguage\":\"de\",\"potentialAction\":[{\"@type\":\"ReadAction\",\"target\":[\"https:\/\/hydrogencouncil.com\/ceos-and-policy-leaders-ready-to-accelerate-action-on-hydrogen-deployment-by-2030\/\"]}]},{\"@type\":\"ImageObject\",\"inLanguage\":\"de\",\"@id\":\"https:\/\/hydrogencouncil.com\/ceos-and-policy-leaders-ready-to-accelerate-action-on-hydrogen-deployment-by-2030\/#primaryimage\",\"url\":\"https:\/\/hydrogencouncil.com\/wp-content\/uploads\/2024\/06\/Screenshot-2024-06-11-at-10.28.27.png\",\"contentUrl\":\"https:\/\/hydrogencouncil.com\/wp-content\/uploads\/2024\/06\/Screenshot-2024-06-11-at-10.28.27.png\",\"width\":2324,\"height\":1296},{\"@type\":\"BreadcrumbList\",\"@id\":\"https:\/\/hydrogencouncil.com\/ceos-and-policy-leaders-ready-to-accelerate-action-on-hydrogen-deployment-by-2030\/#breadcrumb\",\"itemListElement\":[{\"@type\":\"ListItem\",\"position\":1,\"name\":\"Home\",\"item\":\"https:\/\/hydrogencouncil.com\/\"},{\"@type\":\"ListItem\",\"position\":2,\"name\":\"CEOs and policy leaders ready to accelerate action on hydrogen deployment by 2030\"}]},{\"@type\":\"WebSite\",\"@id\":\"https:\/\/hydrogencouncil.com\/#website\",\"url\":\"https:\/\/hydrogencouncil.com\/\",\"name\":\"Hydrogen Council\",\"description\":\"A global CEO-level initiative with a united vision for hydrogen\",\"publisher\":{\"@id\":\"https:\/\/hydrogencouncil.com\/#organization\"},\"potentialAction\":[{\"@type\":\"SearchAction\",\"target\":{\"@type\":\"EntryPoint\",\"urlTemplate\":\"https:\/\/hydrogencouncil.com\/?s={search_term_string}\"},\"query-input\":{\"@type\":\"PropertyValueSpecification\",\"valueRequired\":true,\"valueName\":\"search_term_string\"}}],\"inLanguage\":\"de\"},{\"@type\":\"Organization\",\"@id\":\"https:\/\/hydrogencouncil.com\/#organization\",\"name\":\"Hydrogen Council\",\"url\":\"https:\/\/hydrogencouncil.com\/\",\"logo\":{\"@type\":\"ImageObject\",\"inLanguage\":\"de\",\"@id\":\"https:\/\/hydrogencouncil.com\/#\/schema\/logo\/image\/\",\"url\":\"https:\/\/hydrogencouncil.com\/wp-content\/uploads\/2020\/07\/Untitled-design-2.png\",\"contentUrl\":\"https:\/\/hydrogencouncil.com\/wp-content\/uploads\/2020\/07\/Untitled-design-2.png\",\"width\":1024,\"height\":512,\"caption\":\"Hydrogen Council\"},\"image\":{\"@id\":\"https:\/\/hydrogencouncil.com\/#\/schema\/logo\/image\/\"}},{\"@type\":\"Person\",\"@id\":\"https:\/\/hydrogencouncil.com\/#\/schema\/person\/3f87210db7c9c49b2a48493e0c9fc9db\",\"name\":\"Joanna Sampson\",\"image\":{\"@type\":\"ImageObject\",\"inLanguage\":\"de\",\"@id\":\"https:\/\/hydrogencouncil.com\/#\/schema\/person\/image\/\",\"url\":\"https:\/\/secure.gravatar.com\/avatar\/bf468b77531cc95dd163a55888b4738ace5d161b4f8e277d3267474447f0c102?s=96&d=mm&r=g\",\"contentUrl\":\"https:\/\/secure.gravatar.com\/avatar\/bf468b77531cc95dd163a55888b4738ace5d161b4f8e277d3267474447f0c102?s=96&d=mm&r=g\",\"caption\":\"Joanna Sampson\"},\"url\":\"https:\/\/hydrogencouncil.com\/de\/author\/joanna\/\"}]}<\/script>\n<!-- \/ Yoast SEO plugin. -->","yoast_head_json":{"title":"CEOs und politische Entscheidungstr\u00e4ger sind bereit, die Ma\u00dfnahmen zur Wasserstoffbereitstellung bis 2030 zu beschleunigen | Hydrogen Council","description":"In einem wichtigen Schritt zur Beschleunigung \u00f6ffentlich-privater Ma\u00dfnahmen im Bereich Wasserstoff trafen sich heute der deutsche Bundeswirtschafts- und Klimaminister Robert Habeck und der Exekutiv-Vizepr\u00e4sident der Europ\u00e4ischen Kommission f\u00fcr den europ\u00e4ischen Green Deal, Maro\u0161 \u0160ef\u010dovi\u010d, mit einer internationalen Delegation von F\u00fchrungskr\u00e4ften des Hydrogen Council.","robots":{"index":"index","follow":"follow","max-snippet":"max-snippet:-1","max-image-preview":"max-image-preview:large","max-video-preview":"max-video-preview:-1"},"canonical":"https:\/\/hydrogencouncil.com\/de\/ceos-and-policy-leaders-ready-to-accelerate-action-on-hydrogen-deployment-by-2030\/","og_locale":"de_DE","og_type":"article","og_title":"CEOs and policy leaders ready to accelerate action on hydrogen deployment by 2030 | Hydrogen Council","og_description":"In a significant step towards accelerating public-private action on hydrogen, Germany\u2019s Federal Minister for Economic Affairs and Climate Action, Robert Habeck, and the European Commission Executive Vice-President for the European Green Deal, Maro\u0161 \u0160ef\u010dovi\u010d, today met with a global delegation of Hydrogen Council executives.","og_url":"https:\/\/hydrogencouncil.com\/de\/ceos-and-policy-leaders-ready-to-accelerate-action-on-hydrogen-deployment-by-2030\/","og_site_name":"Hydrogen Council","article_published_time":"2024-06-11T06:44:38+00:00","article_modified_time":"2024-06-11T08:29:49+00:00","og_image":[{"width":1024,"height":571,"url":"https:\/\/hydrogencouncil.com\/wp-content\/uploads\/2024\/06\/Screenshot-2024-06-11-at-10.28.27-1024x571.png","type":"image\/png"}],"author":"Joanna Sampson","twitter_card":"summary_large_image","twitter_misc":{"Verfasst von":"Joanna Sampson","Gesch\u00e4tzte Lesezeit":"4\u00a0Minuten"},"schema":{"@context":"https:\/\/schema.org","@graph":[{"@type":"Article","@id":"https:\/\/hydrogencouncil.com\/ceos-and-policy-leaders-ready-to-accelerate-action-on-hydrogen-deployment-by-2030\/#article","isPartOf":{"@id":"https:\/\/hydrogencouncil.com\/ceos-and-policy-leaders-ready-to-accelerate-action-on-hydrogen-deployment-by-2030\/"},"author":{"name":"Joanna Sampson","@id":"https:\/\/hydrogencouncil.com\/#\/schema\/person\/3f87210db7c9c49b2a48493e0c9fc9db"},"headline":"CEOs and policy leaders ready to accelerate action on hydrogen deployment by 2030","datePublished":"2024-06-11T06:44:38+00:00","dateModified":"2024-06-11T08:29:49+00:00","mainEntityOfPage":{"@id":"https:\/\/hydrogencouncil.com\/ceos-and-policy-leaders-ready-to-accelerate-action-on-hydrogen-deployment-by-2030\/"},"wordCount":806,"publisher":{"@id":"https:\/\/hydrogencouncil.com\/#organization"},"image":{"@id":"https:\/\/hydrogencouncil.com\/ceos-and-policy-leaders-ready-to-accelerate-action-on-hydrogen-deployment-by-2030\/#primaryimage"},"thumbnailUrl":"https:\/\/hydrogencouncil.com\/wp-content\/uploads\/2024\/06\/Screenshot-2024-06-11-at-10.28.27.png","keywords":["Media Release"],"articleSection":["Media Release","Newsroom"],"inLanguage":"de"},{"@type":"WebPage","@id":"https:\/\/hydrogencouncil.com\/ceos-and-policy-leaders-ready-to-accelerate-action-on-hydrogen-deployment-by-2030\/","url":"https:\/\/hydrogencouncil.com\/ceos-and-policy-leaders-ready-to-accelerate-action-on-hydrogen-deployment-by-2030\/","name":"CEOs und politische Entscheidungstr\u00e4ger sind bereit, die Ma\u00dfnahmen zur Wasserstoffbereitstellung bis 2030 zu beschleunigen | Hydrogen Council","isPartOf":{"@id":"https:\/\/hydrogencouncil.com\/#website"},"primaryImageOfPage":{"@id":"https:\/\/hydrogencouncil.com\/ceos-and-policy-leaders-ready-to-accelerate-action-on-hydrogen-deployment-by-2030\/#primaryimage"},"image":{"@id":"https:\/\/hydrogencouncil.com\/ceos-and-policy-leaders-ready-to-accelerate-action-on-hydrogen-deployment-by-2030\/#primaryimage"},"thumbnailUrl":"https:\/\/hydrogencouncil.com\/wp-content\/uploads\/2024\/06\/Screenshot-2024-06-11-at-10.28.27.png","datePublished":"2024-06-11T06:44:38+00:00","dateModified":"2024-06-11T08:29:49+00:00","description":"In einem wichtigen Schritt zur Beschleunigung \u00f6ffentlich-privater Ma\u00dfnahmen im Bereich Wasserstoff trafen sich heute der deutsche Bundeswirtschafts- und Klimaminister Robert Habeck und der Exekutiv-Vizepr\u00e4sident der Europ\u00e4ischen Kommission f\u00fcr den europ\u00e4ischen Green Deal, Maro\u0161 \u0160ef\u010dovi\u010d, mit einer internationalen Delegation von F\u00fchrungskr\u00e4ften des Hydrogen Council.","breadcrumb":{"@id":"https:\/\/hydrogencouncil.com\/ceos-and-policy-leaders-ready-to-accelerate-action-on-hydrogen-deployment-by-2030\/#breadcrumb"},"inLanguage":"de","potentialAction":[{"@type":"ReadAction","target":["https:\/\/hydrogencouncil.com\/ceos-and-policy-leaders-ready-to-accelerate-action-on-hydrogen-deployment-by-2030\/"]}]},{"@type":"ImageObject","inLanguage":"de","@id":"https:\/\/hydrogencouncil.com\/ceos-and-policy-leaders-ready-to-accelerate-action-on-hydrogen-deployment-by-2030\/#primaryimage","url":"https:\/\/hydrogencouncil.com\/wp-content\/uploads\/2024\/06\/Screenshot-2024-06-11-at-10.28.27.png","contentUrl":"https:\/\/hydrogencouncil.com\/wp-content\/uploads\/2024\/06\/Screenshot-2024-06-11-at-10.28.27.png","width":2324,"height":1296},{"@type":"BreadcrumbList","@id":"https:\/\/hydrogencouncil.com\/ceos-and-policy-leaders-ready-to-accelerate-action-on-hydrogen-deployment-by-2030\/#breadcrumb","itemListElement":[{"@type":"ListItem","position":1,"name":"Home","item":"https:\/\/hydrogencouncil.com\/"},{"@type":"ListItem","position":2,"name":"CEOs and policy leaders ready to accelerate action on hydrogen deployment by 2030"}]},{"@type":"WebSite","@id":"https:\/\/hydrogencouncil.com\/#website","url":"https:\/\/hydrogencouncil.com\/","name":"Wasserstoffrat","description":"Eine globale Initiative auf CEO-Ebene mit einer gemeinsamen Vision f\u00fcr Wasserstoff","publisher":{"@id":"https:\/\/hydrogencouncil.com\/#organization"},"potentialAction":[{"@type":"SearchAction","target":{"@type":"EntryPoint","urlTemplate":"https:\/\/hydrogencouncil.com\/?s={search_term_string}"},"query-input":{"@type":"PropertyValueSpecification","valueRequired":true,"valueName":"search_term_string"}}],"inLanguage":"de"},{"@type":"Organization","@id":"https:\/\/hydrogencouncil.com\/#organization","name":"Wasserstoffrat","url":"https:\/\/hydrogencouncil.com\/","logo":{"@type":"ImageObject","inLanguage":"de","@id":"https:\/\/hydrogencouncil.com\/#\/schema\/logo\/image\/","url":"https:\/\/hydrogencouncil.com\/wp-content\/uploads\/2020\/07\/Untitled-design-2.png","contentUrl":"https:\/\/hydrogencouncil.com\/wp-content\/uploads\/2020\/07\/Untitled-design-2.png","width":1024,"height":512,"caption":"Hydrogen Council"},"image":{"@id":"https:\/\/hydrogencouncil.com\/#\/schema\/logo\/image\/"}},{"@type":"Person","@id":"https:\/\/hydrogencouncil.com\/#\/schema\/person\/3f87210db7c9c49b2a48493e0c9fc9db","name":"Joanna Sampson","image":{"@type":"ImageObject","inLanguage":"de","@id":"https:\/\/hydrogencouncil.com\/#\/schema\/person\/image\/","url":"https:\/\/secure.gravatar.com\/avatar\/bf468b77531cc95dd163a55888b4738ace5d161b4f8e277d3267474447f0c102?s=96&d=mm&r=g","contentUrl":"https:\/\/secure.gravatar.com\/avatar\/bf468b77531cc95dd163a55888b4738ace5d161b4f8e277d3267474447f0c102?s=96&d=mm&r=g","caption":"Joanna Sampson"},"url":"https:\/\/hydrogencouncil.com\/de\/author\/joanna\/"}]}},"_links":{"self":[{"href":"https:\/\/hydrogencouncil.com\/de\/wp-json\/wp\/v2\/posts\/13436","targetHints":{"allow":["GET"]}}],"collection":[{"href":"https:\/\/hydrogencouncil.com\/de\/wp-json\/wp\/v2\/posts"}],"about":[{"href":"https:\/\/hydrogencouncil.com\/de\/wp-json\/wp\/v2\/types\/post"}],"author":[{"embeddable":true,"href":"https:\/\/hydrogencouncil.com\/de\/wp-json\/wp\/v2\/users\/5"}],"replies":[{"embeddable":true,"href":"https:\/\/hydrogencouncil.com\/de\/wp-json\/wp\/v2\/comments?post=13436"}],"version-history":[{"count":8,"href":"https:\/\/hydrogencouncil.com\/de\/wp-json\/wp\/v2\/posts\/13436\/revisions"}],"predecessor-version":[{"id":13444,"href":"https:\/\/hydrogencouncil.com\/de\/wp-json\/wp\/v2\/posts\/13436\/revisions\/13444"}],"wp:featuredmedia":[{"embeddable":true,"href":"https:\/\/hydrogencouncil.com\/de\/wp-json\/wp\/v2\/media\/13450"}],"wp:attachment":[{"href":"https:\/\/hydrogencouncil.com\/de\/wp-json\/wp\/v2\/media?parent=13436"}],"wp:term":[{"taxonomy":"category","embeddable":true,"href":"https:\/\/hydrogencouncil.com\/de\/wp-json\/wp\/v2\/categories?post=13436"},{"taxonomy":"post_tag","embeddable":true,"href":"https:\/\/hydrogencouncil.com\/de\/wp-json\/wp\/v2\/tags?post=13436"}],"curies":[{"name":"wp","href":"https:\/\/api.w.org\/{rel}","templated":true}]}}